{"id":945,"date":"2010-01-09T15:59:38","date_gmt":"2010-01-09T14:59:38","guid":{"rendered":"http:\/\/www.becker-thilo.de\/?p=945"},"modified":"2010-01-09T16:02:49","modified_gmt":"2010-01-09T15:02:49","slug":"in-die-5-jahreszeit-gestartet","status":"publish","type":"post","link":"https:\/\/www.becker-thilo.de\/?p=945","title":{"rendered":"In die 5. Jahreszeit gestartet"},"content":{"rendered":"<p style=\"text-align: left;\">Das <a title=\"Internetseite des Komitee\" href=\"http:\/\/www.komitee-fastnachtszug.de\/\" target=\"_blank\">Komitee Fastnachtszug<\/a> hatte geladen und trotz widriger Wetterverh\u00e4ltnisse waren viele Besucher der Einladung in die Aula der Ernst-Barlach-Realschule gefolgt. Erstmals stand Thorsten Hartmann als Vorsitzender des Komitee auf der B\u00fchne und f\u00fchrte erfolgreich durch ein abwechslungsreiches Programm. Der Bitte eine kurze Rede f\u00fcr alle Gratulanten zu halten bin ich gerne gefolgt, hier ein kleiner Auszug:<\/p>\n<figure id=\"attachment_944\" aria-describedby=\"caption-attachment-944\" style=\"width: 232px\" class=\"wp-caption alignright\"><a href=\"https:\/\/www.becker-thilo.de\/wp-content\/uploads\/2010\/01\/Proklamation2010_1.jpg\"><img loading=\"lazy\" decoding=\"async\" data-attachment-id=\"944\" data-permalink=\"https:\/\/www.becker-thilo.de\/?attachment_id=944\" data-orig-file=\"https:\/\/www.becker-thilo.de\/wp-content\/uploads\/2010\/01\/Proklamation2010_1.jpg\" data-orig-size=\"530,683\" data-comments-opened=\"1\" data-image-meta=\"{&quot;aperture&quot;:&quot;4.5&quot;,&quot;credit&quot;:&quot;Thilo Becker&quot;,&quot;camera&quot;:&quot;Canon DIGITAL IXUS 80 IS&quot;,&quot;caption&quot;:&quot;&quot;,&quot;created_timestamp&quot;:&quot;1262982925&quot;,&quot;copyright&quot;:&quot;Thilo Becker&quot;,&quot;focal_length&quot;:&quot;14.303&quot;,&quot;iso&quot;:&quot;800&quot;,&quot;shutter_speed&quot;:&quot;0.02&quot;,&quot;title&quot;:&quot;&quot;}\" data-image-title=\"Proklamation2010_1\" data-image-description=\"\" data-image-caption=\"&lt;p&gt;Rede zur Gratulation der Prinzenpaare&lt;\/p&gt;\n\" data-medium-file=\"https:\/\/www.becker-thilo.de\/wp-content\/uploads\/2010\/01\/Proklamation2010_1-232x300.jpg\" data-large-file=\"https:\/\/www.becker-thilo.de\/wp-content\/uploads\/2010\/01\/Proklamation2010_1.jpg\" class=\"size-medium wp-image-944\" title=\"Proklamation2010_1\" src=\"https:\/\/www.becker-thilo.de\/wp-content\/uploads\/2010\/01\/Proklamation2010_1-232x300.jpg\" alt=\"\" width=\"232\" height=\"300\" srcset=\"https:\/\/www.becker-thilo.de\/wp-content\/uploads\/2010\/01\/Proklamation2010_1-232x300.jpg 232w, https:\/\/www.becker-thilo.de\/wp-content\/uploads\/2010\/01\/Proklamation2010_1.jpg 530w\" sizes=\"auto, (max-width: 232px) 100vw, 232px\" \/><\/a><figcaption id=\"caption-attachment-944\" class=\"wp-caption-text\">Rede zur Gratulation der Prinzenpaare<\/figcaption><\/figure>\n<p>Dann hab ich mir die <a title=\"Internetseite des Prinzenpaar\" href=\"http:\/\/www.prinzenpaar-2010-hoehr-grenzhausen.de\/\" target=\"_blank\">Internetseiten des Prinzenpaares<\/a> angesehen<br \/>\nund dort insbesondere die \u201en\u00e4rrische Verordnung 2010\u201c.<\/p>\n<p style=\"text-align: left;\">Alle Macht, so steht\u2019s geschrieben,<br \/>\nsei nun beim Prinzenpaar verblieben.<br \/>\nViele Wochen sollen Narren hier regieren,<br \/>\nPolitik und Griesgram k\u00f6nnen da ja nur verlieren.<\/p>\n<p style=\"text-align: left;\">Viel Spa\u00df w\u00fcnsch ich den Regentendann,<br \/>\ndoch sieht euch warme Hosen an.<br \/>\nBringt Handschuhe und Schals euch mit,<br \/>\nsonst bekommt ihr mir im Rathaus noch die Gripp.<br \/>\nKalt wird es dort sein,<br \/>\ndenn wir sparen die Heizkosten grad ein.<br \/>\nBringt Streusalz mit und nicht zu knapp,<br \/>\nsonst wird es auf den Stra\u00dfen glatt.<\/p>\n<p style=\"text-align: left;\">Vielleicht k\u00f6nnt ihr ne Hotline aktivieren,<br \/>\nund wilde Ger\u00fcchte ums Vereinshaus dementieren.<br \/>\nWat ich da h\u00f6r, dat ist verr\u00fcckt,<br \/>\nals ob et morje dat Vereinshaus nimie git.<br \/>\nStille Post manch einer dort wohl spielt,<br \/>\nder hat kr\u00e4ftig am Ergebnis vorbeigezielt.<br \/>\nNix iss dran an all den Flause,<br \/>\nes bleibt vorerst beim Karneval in H\u00fchr un och Grenzhause.<\/p>\n<p style=\"text-align: left;\">Die Gratulanten stehen Schlange,<br \/>\nund um den Karneval wird mir nicht bange.<br \/>\nF\u00fcr die Prinzenpaare ein Traum wohl in Erf\u00fcllung geht,<br \/>\nwenn ihr auf dieser gro\u00dfen B\u00fchne steht.<br \/>\nDie Prinzessinnen adrett und fein,<br \/>\nwerden von nun an die First-Ladys sein.<br \/>\nUnsre Prinzen, stattlich, nicht zu \u00fcbersehen,<br \/>\nwie Leuchtt\u00fcrme auf dieser B\u00fchne stehen.<br \/>\nAug in Aug will ich Prinz Dirk gleich schauen,<br \/>\ndaf\u00fcr werde ich ihn jedoch nicht unterbauen.<br \/>\nNein, des Prinzen Wunsch ist mir Befehl,<br \/>\nich werd auf dem Schab\u00e4llche auf die Knie gehen.<\/p>\n<p style=\"text-align: left;\">Ihr Regenten pr\u00e4sentiert fortan die Narrenschar,<br \/>\nich w\u00fcnsch euch Gl\u00fcck das ist doch klar.<br \/>\nLasst uns schunkeln, lachen, rocken,<br \/>\ndann bleibt auf Dauer auch kein Augen trocken.<br \/>\nIch verzieh mich in den Rathausbau<br \/>\nund gr\u00fc\u00df euch alle mit HELAU!<\/p>\n<figure id=\"attachment_943\" aria-describedby=\"caption-attachment-943\" style=\"width: 530px\" class=\"wp-caption aligncenter\"><a href=\"https:\/\/www.becker-thilo.de\/wp-content\/uploads\/2010\/01\/Proklamation2010_2.jpg\"><img loading=\"lazy\" decoding=\"async\" data-attachment-id=\"943\" data-permalink=\"https:\/\/www.becker-thilo.de\/?attachment_id=943\" data-orig-file=\"https:\/\/www.becker-thilo.de\/wp-content\/uploads\/2010\/01\/Proklamation2010_2.jpg\" data-orig-size=\"530,468\" data-comments-opened=\"1\" data-image-meta=\"{&quot;aperture&quot;:&quot;4.5&quot;,&quot;credit&quot;:&quot;Thilo Becker&quot;,&quot;camera&quot;:&quot;Canon DIGITAL IXUS 80 IS&quot;,&quot;caption&quot;:&quot;&quot;,&quot;created_timestamp&quot;:&quot;1262983039&quot;,&quot;copyright&quot;:&quot;Thilo Becker&quot;,&quot;focal_length&quot;:&quot;14.303&quot;,&quot;iso&quot;:&quot;800&quot;,&quot;shutter_speed&quot;:&quot;0.016666666666667&quot;,&quot;title&quot;:&quot;&quot;}\" data-image-title=\"Proklamation2010_2\" data-image-description=\"\" data-image-caption=\"&lt;p&gt;Gratulation des Prinzen auf &#8220;Augenh\u00f6he&#8221;&lt;\/p&gt;\n\" data-medium-file=\"https:\/\/www.becker-thilo.de\/wp-content\/uploads\/2010\/01\/Proklamation2010_2-300x264.jpg\" data-large-file=\"https:\/\/www.becker-thilo.de\/wp-content\/uploads\/2010\/01\/Proklamation2010_2.jpg\" class=\"size-full wp-image-943\" title=\"Proklamation2010_2\" src=\"https:\/\/www.becker-thilo.de\/wp-content\/uploads\/2010\/01\/Proklamation2010_2.jpg\" alt=\"\" width=\"530\" height=\"468\" srcset=\"https:\/\/www.becker-thilo.de\/wp-content\/uploads\/2010\/01\/Proklamation2010_2.jpg 530w, https:\/\/www.becker-thilo.de\/wp-content\/uploads\/2010\/01\/Proklamation2010_2-300x264.jpg 300w\" sizes=\"auto, (max-width: 530px) 100vw, 530px\" \/><\/a><figcaption id=\"caption-attachment-943\" class=\"wp-caption-text\">Gratulation des Prinzen auf &quot;Augenh\u00f6he&quot;<\/figcaption><\/figure>\n","protected":false},"excerpt":{"rendered":"<p>Das Komitee Fastnachtszug hatte geladen und trotz widriger Wetterverh\u00e4ltnisse waren viele Besucher der Einladung in die Aula der Ernst-Barlach-Realschule gefolgt. Erstmals stand Thorsten&hellip;<\/p>\n","protected":false},"author":3,"featured_media":0,"comment_status":"open","ping_status":"closed","sticky":false,"template":"","format":"standard","meta":{"spay_email":"","footnotes":"","jetpack_publicize_message":"","jetpack_is_tweetstorm":false},"categories":[24],"tags":[21],"class_list":["post-945","post","type-post","status-publish","format-standard","hentry","category-im-amt","tag-vereine"],"jetpack_featured_media_url":"","jetpack_publicize_connections":[],"_links":{"self":[{"href":"https:\/\/www.becker-thilo.de\/index.php?rest_route=\/wp\/v2\/posts\/945","targetHints":{"allow":["GET"]}}],"collection":[{"href":"https:\/\/www.becker-thilo.de\/index.php?rest_route=\/wp\/v2\/posts"}],"about":[{"href":"https:\/\/www.becker-thilo.de\/index.php?rest_route=\/wp\/v2\/types\/post"}],"author":[{"embeddable":true,"href":"https:\/\/www.becker-thilo.de\/index.php?rest_route=\/wp\/v2\/users\/3"}],"replies":[{"embeddable":true,"href":"https:\/\/www.becker-thilo.de\/index.php?rest_route=%2Fwp%2Fv2%2Fcomments&post=945"}],"version-history":[{"count":0,"href":"https:\/\/www.becker-thilo.de\/index.php?rest_route=\/wp\/v2\/posts\/945\/revisions"}],"wp:attachment":[{"href":"https:\/\/www.becker-thilo.de\/index.php?rest_route=%2Fwp%2Fv2%2Fmedia&parent=945"}],"wp:term":[{"taxonomy":"category","embeddable":true,"href":"https:\/\/www.becker-thilo.de\/index.php?rest_route=%2Fwp%2Fv2%2Fcategories&post=945"},{"taxonomy":"post_tag","embeddable":true,"href":"https:\/\/www.becker-thilo.de\/index.php?rest_route=%2Fwp%2Fv2%2Ftags&post=945"}],"curies":[{"name":"wp","href":"https:\/\/api.w.org\/{rel}","templated":true}]}}