{"id":735,"date":"2009-08-23T11:24:52","date_gmt":"2009-08-23T09:24:52","guid":{"rendered":"http:\/\/www.becker-thilo.de\/?p=735"},"modified":"2011-01-11T21:33:42","modified_gmt":"2011-01-11T20:33:42","slug":"strasenbau","status":"publish","type":"post","link":"https:\/\/www.becker-thilo.de\/?p=735","title":{"rendered":"Stra\u00dfenbau"},"content":{"rendered":"<p style=\"text-align: left;\">Die vergangene Woche stand ganz im Zeichen des Stra\u00dfenbaus in der Verbandsgemeinde. Bei Gespr\u00e4chen mit den Vertretern des <a href=\"http:\/\/www.lbm.rlp.de\" target=\"_blank\">Landesbetriebes Mobilit\u00e4t<\/a> wurden die Stra\u00dfenbauprojekte in unserer Verbandsgemeinde er\u00f6rtert. Neben den Landesstra\u00dfen, die in der Verbandsgemeinde verlaufen, wurde auch \u00fcber die Kreisstra\u00dfen gesprochen.<\/p>\n<p style=\"text-align: left;\"><a href=\"https:\/\/www.becker-thilo.de\/wp-content\/uploads\/2009\/08\/21082009010.jpg\"><img loading=\"lazy\" decoding=\"async\" data-attachment-id=\"736\" data-permalink=\"https:\/\/www.becker-thilo.de\/?attachment_id=736\" data-orig-file=\"https:\/\/www.becker-thilo.de\/wp-content\/uploads\/2009\/08\/21082009010.jpg\" data-orig-size=\"287,227\" data-comments-opened=\"1\" data-image-meta=\"{&quot;aperture&quot;:&quot;2.8&quot;,&quot;credit&quot;:&quot;&quot;,&quot;camera&quot;:&quot;N97&quot;,&quot;caption&quot;:&quot;&quot;,&quot;created_timestamp&quot;:&quot;1250867235&quot;,&quot;copyright&quot;:&quot;&quot;,&quot;focal_length&quot;:&quot;5.4&quot;,&quot;iso&quot;:&quot;187&quot;,&quot;shutter_speed&quot;:&quot;0.01&quot;,&quot;title&quot;:&quot;&quot;}\" data-image-title=\"Schadhafte Leitung\" data-image-description=\"&lt;p&gt;Alte und neue Leitung im Graben&lt;\/p&gt;\n\" data-image-caption=\"\" data-medium-file=\"https:\/\/www.becker-thilo.de\/wp-content\/uploads\/2009\/08\/21082009010.jpg\" data-large-file=\"https:\/\/www.becker-thilo.de\/wp-content\/uploads\/2009\/08\/21082009010.jpg\" class=\"alignright size-full wp-image-736\" title=\"Schadhafte Leitung\" src=\"https:\/\/www.becker-thilo.de\/wp-content\/uploads\/2009\/08\/21082009010.jpg\" alt=\"Schadhafte Leitung\" width=\"287\" height=\"227\" \/><\/a>Mein &#8220;Aufreger der Woche&#8221; war dann aber eine ganz andere Baustelle. In der Beethovenstra\u00dfe musste ein Kabel erneuert werden. In diesem Zusammenhang wurde eine Leitung f\u00c3\u00bcr die Verbandsgemeindewerke gleich mit ausgetauscht. Bei den Arbeiten wurde eine marode Telefonleitung gefunden und der Telekom AG angeboten, ebenfalls die Leitung zu erneuern. Wer h\u00e4tte gedacht, dass dies zu Problemen f\u00fchren konnte? Es waren viele Telefongespr\u00e4che notwendig um doch noch zu einer L\u00f6sung zu kommen, teilweise hat die Telekom nun das Kabel erneuert. Ich stell mir das Gerede vor, h\u00e4tte die Telekom in einigen Wochen ihr Kabel erneuern m\u00fcssen und der B\u00fcrgersteig h\u00e4tte erneut aufgegraben werden m\u00fcssen &#8211; unverst\u00e4ndlich.<\/p>\n","protected":false},"excerpt":{"rendered":"<p>Die vergangene Woche stand ganz im Zeichen des Stra\u00dfenbaus in der Verbandsgemeinde. Bei Gespr\u00e4chen mit den Vertretern des Landesbetriebes Mobilit\u00e4t wurden die Stra\u00dfenbauprojekte&hellip;<\/p>\n","protected":false},"author":3,"featured_media":0,"comment_status":"open","ping_status":"closed","sticky":false,"template":"","format":"standard","meta":{"spay_email":"","footnotes":"","jetpack_publicize_message":"","jetpack_is_tweetstorm":false},"categories":[24],"tags":[25],"class_list":["post-735","post","type-post","status-publish","format-standard","hentry","category-im-amt","tag-strasenbau"],"jetpack_featured_media_url":"","jetpack_publicize_connections":[],"_links":{"self":[{"href":"https:\/\/www.becker-thilo.de\/index.php?rest_route=\/wp\/v2\/posts\/735","targetHints":{"allow":["GET"]}}],"collection":[{"href":"https:\/\/www.becker-thilo.de\/index.php?rest_route=\/wp\/v2\/posts"}],"about":[{"href":"https:\/\/www.becker-thilo.de\/index.php?rest_route=\/wp\/v2\/types\/post"}],"author":[{"embeddable":true,"href":"https:\/\/www.becker-thilo.de\/index.php?rest_route=\/wp\/v2\/users\/3"}],"replies":[{"embeddable":true,"href":"https:\/\/www.becker-thilo.de\/index.php?rest_route=%2Fwp%2Fv2%2Fcomments&post=735"}],"version-history":[{"count":0,"href":"https:\/\/www.becker-thilo.de\/index.php?rest_route=\/wp\/v2\/posts\/735\/revisions"}],"wp:attachment":[{"href":"https:\/\/www.becker-thilo.de\/index.php?rest_route=%2Fwp%2Fv2%2Fmedia&parent=735"}],"wp:term":[{"taxonomy":"category","embeddable":true,"href":"https:\/\/www.becker-thilo.de\/index.php?rest_route=%2Fwp%2Fv2%2Fcategories&post=735"},{"taxonomy":"post_tag","embeddable":true,"href":"https:\/\/www.becker-thilo.de\/index.php?rest_route=%2Fwp%2Fv2%2Ftags&post=735"}],"curies":[{"name":"wp","href":"https:\/\/api.w.org\/{rel}","templated":true}]}}