{"id":2617,"date":"2014-07-02T13:30:35","date_gmt":"2014-07-02T11:30:35","guid":{"rendered":"http:\/\/www.becker-thilo.de\/?p=2617"},"modified":"2014-07-02T13:30:35","modified_gmt":"2014-07-02T11:30:35","slug":"hillscheid-erhaelt-landeszuschuss","status":"publish","type":"post","link":"https:\/\/www.becker-thilo.de\/?p=2617","title":{"rendered":"Hillscheid erh\u00e4lt Landeszuschuss"},"content":{"rendered":"<p>Die Ortsgemeinde Hillscheid erh\u00e4lt einen Landeszuschuss in H\u00f6he von 12.000,00 \u20ac f\u00fcr die Sanierung der Josefskapelle. Im Februar 2014 hatte der Gemeinderat zuletzt \u00fcber die Sanierung beraten und sich f\u00fcr die Bereitstellung von Haushaltsmitteln zur Sanierung entschlossen. Durch die Verbandsgemeindeverwaltung wurde ein entsprechender Zuschussantrag bei der Direktion Landesdenkmal gestellt, der nun positiv beschieden wurde. Die voraussichtlichen Gesamtkosten f\u00fcr f\u00fcr die Sanierung betragen ca. 37.000,00 \u20ac.<\/p>\n","protected":false},"excerpt":{"rendered":"<p>Die Ortsgemeinde Hillscheid erh\u00e4lt einen Landeszuschuss in H\u00f6he von 12.000,00 \u20ac f\u00fcr die Sanierung der Josefskapelle. Im Februar 2014 hatte der Gemeinderat zuletzt&hellip;<\/p>\n","protected":false},"author":3,"featured_media":0,"comment_status":"open","ping_status":"closed","sticky":false,"template":"","format":"aside","meta":{"spay_email":"","footnotes":"","jetpack_publicize_message":"","jetpack_is_tweetstorm":false},"categories":[24],"tags":[13,44,30],"class_list":["post-2617","post","type-post","status-publish","format-aside","hentry","category-im-amt","tag-hillscheid","tag-kirchen","tag-kultur","post_format-post-format-aside"],"jetpack_featured_media_url":"","jetpack_publicize_connections":[],"_links":{"self":[{"href":"https:\/\/www.becker-thilo.de\/index.php?rest_route=\/wp\/v2\/posts\/2617","targetHints":{"allow":["GET"]}}],"collection":[{"href":"https:\/\/www.becker-thilo.de\/index.php?rest_route=\/wp\/v2\/posts"}],"about":[{"href":"https:\/\/www.becker-thilo.de\/index.php?rest_route=\/wp\/v2\/types\/post"}],"author":[{"embeddable":true,"href":"https:\/\/www.becker-thilo.de\/index.php?rest_route=\/wp\/v2\/users\/3"}],"replies":[{"embeddable":true,"href":"https:\/\/www.becker-thilo.de\/index.php?rest_route=%2Fwp%2Fv2%2Fcomments&post=2617"}],"version-history":[{"count":0,"href":"https:\/\/www.becker-thilo.de\/index.php?rest_route=\/wp\/v2\/posts\/2617\/revisions"}],"wp:attachment":[{"href":"https:\/\/www.becker-thilo.de\/index.php?rest_route=%2Fwp%2Fv2%2Fmedia&parent=2617"}],"wp:term":[{"taxonomy":"category","embeddable":true,"href":"https:\/\/www.becker-thilo.de\/index.php?rest_route=%2Fwp%2Fv2%2Fcategories&post=2617"},{"taxonomy":"post_tag","embeddable":true,"href":"https:\/\/www.becker-thilo.de\/index.php?rest_route=%2Fwp%2Fv2%2Ftags&post=2617"}],"curies":[{"name":"wp","href":"https:\/\/api.w.org\/{rel}","templated":true}]}}