{"id":2547,"date":"2014-05-26T12:33:24","date_gmt":"2014-05-26T10:33:24","guid":{"rendered":"http:\/\/www.becker-thilo.de\/?p=2547"},"modified":"2014-05-26T12:33:24","modified_gmt":"2014-05-26T10:33:24","slug":"vorlaeufiges-ergebnis-gemeinderat-hilgert","status":"publish","type":"post","link":"https:\/\/www.becker-thilo.de\/?p=2547","title":{"rendered":"Vorl\u00e4ufiges Ergebnis Gemeinderat Hilgert"},"content":{"rendered":"<p>Und jetzt das vorl\u00e4ufige Ergebnis des Gemeinderates Hilgert. Die gew\u00e4hlten Bewerber k\u00f6nnen im <a href=\"http:\/\/wahlergebnisse.hoehr-grenzhausen.de\/webapp\/gw201404.html\">Internet<\/a> eingesehen werden. Auch hier herzlichen Gl\u00fcckwunsch an alle Gew\u00e4hlten.<\/p>\n<p><a href=\"https:\/\/www.becker-thilo.de\/wp-content\/uploads\/2014\/05\/GRHilgert.jpg\"><img loading=\"lazy\" decoding=\"async\" data-attachment-id=\"2548\" data-permalink=\"https:\/\/www.becker-thilo.de\/?attachment_id=2548\" data-orig-file=\"https:\/\/www.becker-thilo.de\/wp-content\/uploads\/2014\/05\/GRHilgert.jpg\" data-orig-size=\"1501,743\" data-comments-opened=\"1\" data-image-meta=\"{&quot;aperture&quot;:&quot;0&quot;,&quot;credit&quot;:&quot;Thilo Becker&quot;,&quot;camera&quot;:&quot;&quot;,&quot;caption&quot;:&quot;&quot;,&quot;created_timestamp&quot;:&quot;1401107222&quot;,&quot;copyright&quot;:&quot;&quot;,&quot;focal_length&quot;:&quot;0&quot;,&quot;iso&quot;:&quot;0&quot;,&quot;shutter_speed&quot;:&quot;0&quot;,&quot;title&quot;:&quot;&quot;}\" data-image-title=\"GRHilgert\" data-image-description=\"\" data-image-caption=\"\" data-medium-file=\"https:\/\/www.becker-thilo.de\/wp-content\/uploads\/2014\/05\/GRHilgert-300x148.jpg\" data-large-file=\"https:\/\/www.becker-thilo.de\/wp-content\/uploads\/2014\/05\/GRHilgert-1024x506.jpg\" class=\"aligncenter size-full wp-image-2548\" alt=\"GRHilgert\" src=\"https:\/\/www.becker-thilo.de\/wp-content\/uploads\/2014\/05\/GRHilgert.jpg\" width=\"1501\" height=\"743\" srcset=\"https:\/\/www.becker-thilo.de\/wp-content\/uploads\/2014\/05\/GRHilgert.jpg 1501w, https:\/\/www.becker-thilo.de\/wp-content\/uploads\/2014\/05\/GRHilgert-300x148.jpg 300w, https:\/\/www.becker-thilo.de\/wp-content\/uploads\/2014\/05\/GRHilgert-1024x506.jpg 1024w\" sizes=\"auto, (max-width: 1501px) 100vw, 1501px\" \/><\/a><\/p>\n","protected":false},"excerpt":{"rendered":"<p>Und jetzt das vorl\u00e4ufige Ergebnis des Gemeinderates Hilgert. Die gew\u00e4hlten Bewerber k\u00f6nnen im Internet eingesehen werden. Auch hier herzlichen Gl\u00fcckwunsch an alle Gew\u00e4hlten.<\/p>\n","protected":false},"author":3,"featured_media":0,"comment_status":"open","ping_status":"closed","sticky":false,"template":"","format":"standard","meta":{"spay_email":"","footnotes":"","jetpack_publicize_message":"","jetpack_is_tweetstorm":false},"categories":[24],"tags":[15,59],"class_list":["post-2547","post","type-post","status-publish","format-standard","hentry","category-im-amt","tag-hilgert","tag-wahlen"],"jetpack_featured_media_url":"","jetpack_publicize_connections":[],"_links":{"self":[{"href":"https:\/\/www.becker-thilo.de\/index.php?rest_route=\/wp\/v2\/posts\/2547","targetHints":{"allow":["GET"]}}],"collection":[{"href":"https:\/\/www.becker-thilo.de\/index.php?rest_route=\/wp\/v2\/posts"}],"about":[{"href":"https:\/\/www.becker-thilo.de\/index.php?rest_route=\/wp\/v2\/types\/post"}],"author":[{"embeddable":true,"href":"https:\/\/www.becker-thilo.de\/index.php?rest_route=\/wp\/v2\/users\/3"}],"replies":[{"embeddable":true,"href":"https:\/\/www.becker-thilo.de\/index.php?rest_route=%2Fwp%2Fv2%2Fcomments&post=2547"}],"version-history":[{"count":0,"href":"https:\/\/www.becker-thilo.de\/index.php?rest_route=\/wp\/v2\/posts\/2547\/revisions"}],"wp:attachment":[{"href":"https:\/\/www.becker-thilo.de\/index.php?rest_route=%2Fwp%2Fv2%2Fmedia&parent=2547"}],"wp:term":[{"taxonomy":"category","embeddable":true,"href":"https:\/\/www.becker-thilo.de\/index.php?rest_route=%2Fwp%2Fv2%2Fcategories&post=2547"},{"taxonomy":"post_tag","embeddable":true,"href":"https:\/\/www.becker-thilo.de\/index.php?rest_route=%2Fwp%2Fv2%2Ftags&post=2547"}],"curies":[{"name":"wp","href":"https:\/\/api.w.org\/{rel}","templated":true}]}}