{"id":2544,"date":"2014-05-26T12:24:32","date_gmt":"2014-05-26T10:24:32","guid":{"rendered":"http:\/\/www.becker-thilo.de\/?p=2544"},"modified":"2014-05-26T12:24:32","modified_gmt":"2014-05-26T10:24:32","slug":"vorlaeufiges-ergebnis-zum-verbandsgemeinderat","status":"publish","type":"post","link":"https:\/\/www.becker-thilo.de\/?p=2544","title":{"rendered":"Vorl\u00e4ufiges Ergebnis zum Verbandsgemeinderat"},"content":{"rendered":"<p>Das vorl\u00e4ufige Ergebnis zum Verbandsgemeinderat steht fest. Die Sitzverteilung und Prozente k\u00f6nnen der nachstehenden Grafik \u00fcbernommen werden.<\/p>\n<p><a href=\"https:\/\/www.becker-thilo.de\/wp-content\/uploads\/2014\/05\/VGRat.jpg\"><img loading=\"lazy\" decoding=\"async\" data-attachment-id=\"2545\" data-permalink=\"https:\/\/www.becker-thilo.de\/?attachment_id=2545\" data-orig-file=\"https:\/\/www.becker-thilo.de\/wp-content\/uploads\/2014\/05\/VGRat.jpg\" data-orig-size=\"1403,721\" data-comments-opened=\"1\" data-image-meta=\"{&quot;aperture&quot;:&quot;0&quot;,&quot;credit&quot;:&quot;Thilo Becker&quot;,&quot;camera&quot;:&quot;&quot;,&quot;caption&quot;:&quot;&quot;,&quot;created_timestamp&quot;:&quot;1401106637&quot;,&quot;copyright&quot;:&quot;&quot;,&quot;focal_length&quot;:&quot;0&quot;,&quot;iso&quot;:&quot;0&quot;,&quot;shutter_speed&quot;:&quot;0&quot;,&quot;title&quot;:&quot;&quot;}\" data-image-title=\"VGRat\" data-image-description=\"\" data-image-caption=\"\" data-medium-file=\"https:\/\/www.becker-thilo.de\/wp-content\/uploads\/2014\/05\/VGRat-300x154.jpg\" data-large-file=\"https:\/\/www.becker-thilo.de\/wp-content\/uploads\/2014\/05\/VGRat-1024x526.jpg\" class=\"aligncenter size-full wp-image-2545\" alt=\"VGRat\" src=\"https:\/\/www.becker-thilo.de\/wp-content\/uploads\/2014\/05\/VGRat.jpg\" width=\"1403\" height=\"721\" srcset=\"https:\/\/www.becker-thilo.de\/wp-content\/uploads\/2014\/05\/VGRat.jpg 1403w, https:\/\/www.becker-thilo.de\/wp-content\/uploads\/2014\/05\/VGRat-300x154.jpg 300w, https:\/\/www.becker-thilo.de\/wp-content\/uploads\/2014\/05\/VGRat-1024x526.jpg 1024w\" sizes=\"auto, (max-width: 1403px) 100vw, 1403px\" \/><\/a><\/p>\n<p>Eine \u00dcbersicht \u00fcber die gew\u00e4hlten Personen kann auf der Wahlplattform der Verbandsgemeinde H\u00f6hr-Grenzhausen im <a href=\"http:\/\/wahlergebnisse.hoehr-grenzhausen.de\/webapp\/vgw2014.html\" target=\"_blank\">Internet<\/a> abgerufen werden, oder \u00fcber die entsprechende &#8220;App&#8221;.<\/p>\n<p>Allen gew\u00e4hlten Personen gratuliere ich schon einmal auf diesem Wege.<br \/>\nUND VIELEN VIELEN DANK an die Wahlhelfer und Mitarbeiter, die an der Wahlergebnissermittlung mitgearbeitet haben.<\/p>\n","protected":false},"excerpt":{"rendered":"<p>Das vorl\u00e4ufige Ergebnis zum Verbandsgemeinderat steht fest. Die Sitzverteilung und Prozente k\u00f6nnen der nachstehenden Grafik \u00fcbernommen werden. Eine \u00dcbersicht \u00fcber die gew\u00e4hlten Personen&hellip;<\/p>\n","protected":false},"author":3,"featured_media":0,"comment_status":"open","ping_status":"closed","sticky":false,"template":"","format":"standard","meta":{"spay_email":"","footnotes":"","jetpack_publicize_message":"","jetpack_is_tweetstorm":false},"categories":[24],"tags":[10,59],"class_list":["post-2544","post","type-post","status-publish","format-standard","hentry","category-im-amt","tag-verbandsgemeinde","tag-wahlen"],"jetpack_featured_media_url":"","jetpack_publicize_connections":[],"_links":{"self":[{"href":"https:\/\/www.becker-thilo.de\/index.php?rest_route=\/wp\/v2\/posts\/2544","targetHints":{"allow":["GET"]}}],"collection":[{"href":"https:\/\/www.becker-thilo.de\/index.php?rest_route=\/wp\/v2\/posts"}],"about":[{"href":"https:\/\/www.becker-thilo.de\/index.php?rest_route=\/wp\/v2\/types\/post"}],"author":[{"embeddable":true,"href":"https:\/\/www.becker-thilo.de\/index.php?rest_route=\/wp\/v2\/users\/3"}],"replies":[{"embeddable":true,"href":"https:\/\/www.becker-thilo.de\/index.php?rest_route=%2Fwp%2Fv2%2Fcomments&post=2544"}],"version-history":[{"count":0,"href":"https:\/\/www.becker-thilo.de\/index.php?rest_route=\/wp\/v2\/posts\/2544\/revisions"}],"wp:attachment":[{"href":"https:\/\/www.becker-thilo.de\/index.php?rest_route=%2Fwp%2Fv2%2Fmedia&parent=2544"}],"wp:term":[{"taxonomy":"category","embeddable":true,"href":"https:\/\/www.becker-thilo.de\/index.php?rest_route=%2Fwp%2Fv2%2Fcategories&post=2544"},{"taxonomy":"post_tag","embeddable":true,"href":"https:\/\/www.becker-thilo.de\/index.php?rest_route=%2Fwp%2Fv2%2Ftags&post=2544"}],"curies":[{"name":"wp","href":"https:\/\/api.w.org\/{rel}","templated":true}]}}