{"id":2257,"date":"2013-11-26T12:47:08","date_gmt":"2013-11-26T11:47:08","guid":{"rendered":"http:\/\/www.becker-thilo.de\/?p=2257"},"modified":"2013-11-26T12:06:21","modified_gmt":"2013-11-26T11:06:21","slug":"cap-markt-startet-einkaufsmobil","status":"publish","type":"post","link":"https:\/\/www.becker-thilo.de\/?p=2257","title":{"rendered":"CAP-Markt startet Einkaufsmobil"},"content":{"rendered":"<p style=\"text-align: left;\">Gemeinsam geht so manches einfach besser, ein gutes Beispiel bietet hierf\u00fcr die neue Kooperation von &#8220;<a href=\"http:\/\/www.mach-mit-hillscheid.de\/\" target=\"_blank\">MACH MIT e.V.<\/a>&#8220;, B\u00e4ckerei Conrad und dem CAP-Markt in Hillscheid.<\/p>\n<p style=\"text-align: left;\">Mit Beginn des Monats Dezember steht den Hillscheider B\u00fcrgerinnen und B\u00fcrgern das &#8220;Hillscheider Einkaufsmobil&#8221; unentgeltlich f\u00fcr Fahrten zum CAP-Markt zur Verf\u00fcgung. An zwei Wochentagen, Dienstag 14 Uhr &#8211; 16 Uhr und Freitag 10 Uhr &#8211; 12 Uhr, kann das Einkaufsmobil von Personen genutzt werden, die aus gesundheitlichen Gr\u00fcnden den Weg zum Einkaufen nicht bewerkstelligen k\u00f6nnen. Die ehrenamtlichen Fahrer, von MACH MIT e.V., holen die Kunden des CAP-Marktes zuhause ab und fahren sie nach dem Einkauf oder dem Aufenthalt in der Cafe-Ecke wieder zur\u00fcck. Das Einkaufsmobil wird durch den CAP-Markt und die B\u00e4ckerei Conrad unterst\u00fctzt und f\u00f6rdert die wohnortnahe Grundversorgung.<\/p>\n<p style=\"text-align: left;\"><a href=\"https:\/\/www.becker-thilo.de\/wp-content\/uploads\/2013\/11\/20131126_101038.jpg\"><img loading=\"lazy\" decoding=\"async\" data-attachment-id=\"2258\" data-permalink=\"https:\/\/www.becker-thilo.de\/?attachment_id=2258\" data-orig-file=\"https:\/\/www.becker-thilo.de\/wp-content\/uploads\/2013\/11\/20131126_101038.jpg\" data-orig-size=\"550,351\" data-comments-opened=\"1\" data-image-meta=\"{&quot;aperture&quot;:&quot;2.2&quot;,&quot;credit&quot;:&quot;&quot;,&quot;camera&quot;:&quot;GT-I9506&quot;,&quot;caption&quot;:&quot;&quot;,&quot;created_timestamp&quot;:&quot;1385460637&quot;,&quot;copyright&quot;:&quot;&quot;,&quot;focal_length&quot;:&quot;4.6&quot;,&quot;iso&quot;:&quot;50&quot;,&quot;shutter_speed&quot;:&quot;0.0068027210884354&quot;,&quot;title&quot;:&quot;&quot;}\" data-image-title=\"20131126_101038\" data-image-description=\"&lt;p&gt;Hillscheider Einkaufsmobil&lt;\/p&gt;\n\" data-image-caption=\"\" data-medium-file=\"https:\/\/www.becker-thilo.de\/wp-content\/uploads\/2013\/11\/20131126_101038-300x191.jpg\" data-large-file=\"https:\/\/www.becker-thilo.de\/wp-content\/uploads\/2013\/11\/20131126_101038.jpg\" class=\"aligncenter size-full wp-image-2258\" alt=\"20131126_101038\" src=\"https:\/\/www.becker-thilo.de\/wp-content\/uploads\/2013\/11\/20131126_101038.jpg\" width=\"550\" height=\"351\" srcset=\"https:\/\/www.becker-thilo.de\/wp-content\/uploads\/2013\/11\/20131126_101038.jpg 550w, https:\/\/www.becker-thilo.de\/wp-content\/uploads\/2013\/11\/20131126_101038-300x191.jpg 300w\" sizes=\"auto, (max-width: 550px) 100vw, 550px\" \/><\/a><\/p>\n","protected":false},"excerpt":{"rendered":"<p>Gemeinsam geht so manches einfach besser, ein gutes Beispiel bietet hierf\u00fcr die neue Kooperation von &#8220;MACH MIT e.V.&#8220;, B\u00e4ckerei Conrad und dem CAP-Markt&hellip;<\/p>\n","protected":false},"author":3,"featured_media":0,"comment_status":"open","ping_status":"closed","sticky":false,"template":"","format":"standard","meta":{"spay_email":"","footnotes":"","jetpack_publicize_message":"","jetpack_is_tweetstorm":false},"categories":[24],"tags":[13,42,19],"class_list":["post-2257","post","type-post","status-publish","format-standard","hentry","category-im-amt","tag-hillscheid","tag-senioren","tag-wirtschaftsforderung"],"jetpack_featured_media_url":"","jetpack_publicize_connections":[],"_links":{"self":[{"href":"https:\/\/www.becker-thilo.de\/index.php?rest_route=\/wp\/v2\/posts\/2257","targetHints":{"allow":["GET"]}}],"collection":[{"href":"https:\/\/www.becker-thilo.de\/index.php?rest_route=\/wp\/v2\/posts"}],"about":[{"href":"https:\/\/www.becker-thilo.de\/index.php?rest_route=\/wp\/v2\/types\/post"}],"author":[{"embeddable":true,"href":"https:\/\/www.becker-thilo.de\/index.php?rest_route=\/wp\/v2\/users\/3"}],"replies":[{"embeddable":true,"href":"https:\/\/www.becker-thilo.de\/index.php?rest_route=%2Fwp%2Fv2%2Fcomments&post=2257"}],"version-history":[{"count":0,"href":"https:\/\/www.becker-thilo.de\/index.php?rest_route=\/wp\/v2\/posts\/2257\/revisions"}],"wp:attachment":[{"href":"https:\/\/www.becker-thilo.de\/index.php?rest_route=%2Fwp%2Fv2%2Fmedia&parent=2257"}],"wp:term":[{"taxonomy":"category","embeddable":true,"href":"https:\/\/www.becker-thilo.de\/index.php?rest_route=%2Fwp%2Fv2%2Fcategories&post=2257"},{"taxonomy":"post_tag","embeddable":true,"href":"https:\/\/www.becker-thilo.de\/index.php?rest_route=%2Fwp%2Fv2%2Ftags&post=2257"}],"curies":[{"name":"wp","href":"https:\/\/api.w.org\/{rel}","templated":true}]}}