{"id":2096,"date":"2013-07-11T07:59:05","date_gmt":"2013-07-11T05:59:05","guid":{"rendered":"http:\/\/www.becker-thilo.de\/?p=2096"},"modified":"2013-07-11T08:01:38","modified_gmt":"2013-07-11T06:01:38","slug":"kannenbacker-geschenkgutscheine-gibt-es-ab-september","status":"publish","type":"post","link":"https:\/\/www.becker-thilo.de\/?p=2096","title":{"rendered":"Kannenb\u00e4cker-Geschenkgutscheine gibt es ab September"},"content":{"rendered":"<p style=\"text-align: left;\"><a href=\"https:\/\/www.becker-thilo.de\/wp-content\/uploads\/2013\/07\/logogutschein.png\"><img loading=\"lazy\" decoding=\"async\" data-attachment-id=\"2098\" data-permalink=\"https:\/\/www.becker-thilo.de\/?attachment_id=2098\" data-orig-file=\"https:\/\/www.becker-thilo.de\/wp-content\/uploads\/2013\/07\/logogutschein.png\" data-orig-size=\"157,157\" data-comments-opened=\"1\" data-image-meta=\"{&quot;aperture&quot;:&quot;0&quot;,&quot;credit&quot;:&quot;&quot;,&quot;camera&quot;:&quot;&quot;,&quot;caption&quot;:&quot;&quot;,&quot;created_timestamp&quot;:&quot;0&quot;,&quot;copyright&quot;:&quot;&quot;,&quot;focal_length&quot;:&quot;0&quot;,&quot;iso&quot;:&quot;0&quot;,&quot;shutter_speed&quot;:&quot;0&quot;,&quot;title&quot;:&quot;&quot;}\" data-image-title=\"logogutschein\" data-image-description=\"\" data-image-caption=\"\" data-medium-file=\"https:\/\/www.becker-thilo.de\/wp-content\/uploads\/2013\/07\/logogutschein.png\" data-large-file=\"https:\/\/www.becker-thilo.de\/wp-content\/uploads\/2013\/07\/logogutschein.png\" class=\"alignleft size-full wp-image-2098\" alt=\"logogutschein\" src=\"https:\/\/www.becker-thilo.de\/wp-content\/uploads\/2013\/07\/logogutschein.png\" width=\"157\" height=\"157\" srcset=\"https:\/\/www.becker-thilo.de\/wp-content\/uploads\/2013\/07\/logogutschein.png 157w, https:\/\/www.becker-thilo.de\/wp-content\/uploads\/2013\/07\/logogutschein-150x150.png 150w\" sizes=\"auto, (max-width: 157px) 100vw, 157px\" \/><\/a>Ab 02. September 2013 k\u00f6nnen bei allen Banken und Sparkassen in der Verbandsgemeinde Geschenkgutscheine erworben werden, die dann bei teilnehmenden Einzelh\u00e4ndlern und Betrieben eingel\u00f6st werden k\u00f6nnen.<\/p>\n<p style=\"text-align: left;\">Kunden k\u00f6nnen die Gutscheine im Wert von 10, 15 oder 25 Euro erwerben und bei den Einzelh\u00e4ndlern \/ Betrieben einl\u00f6sen.<\/p>\n<p style=\"text-align: left;\">Mit dem Gutscheinsystem haben wir sicherlich nichts &#8220;Neues&#8221; erfunden. Gemeinsam mit der Wirtschaftsf\u00f6rderungsgesellschaft Kannenb\u00e4ckerstadt mbh (WfG) und der Verbandsgemeinde H\u00f6hr-Grenzhausen wird das System in der Verbandsgemeinde H\u00f6hr-Grenzhausen umgesetzt. Dabei wurde die Idee eines solchen Gutscheinsystems zuerst in der Werkstatt &#8220;Innenstadt relevantes Gewerbe&#8221; zwischen Gewerbetreibenden und Quartiersmanagement diskutiert. Als sich keine L\u00f6sung zur Umsetzung fand, habe ich die L\u00f6sung durch Verbandsgemeinde und WfG angestrebt. Die finanzielle Abwicklung erfolgt \u00fcber die WfG, dh. von dort werden die Kosten f\u00fcr Gutscheindruck usw. \u00fcbernommen und die Bankkonten zur Verf\u00fcgung gestellt. Durch die Verwaltung wird der administrative Teil abgewickelt.<\/p>\n<p style=\"text-align: left;\">Ich verspreche mir von der Aktion eine verbesserte Zusammenarbeit mit den Einzelh\u00e4ndlern in der Verbandsgemeinde, deren Unters\u00fctzung und nat\u00fcrlich eine Kaufkraftbindung in der Verbandsgemeinde. Weitere Details gibt es auf der Internetseite der Verbandsgemeinde H\u00f6hr-Grenzhausen unter: <a href=\"http:\/\/www.gutscheinsystem.hoehr-grenzhausen.de\" target=\"_blank\">www.gutscheinsystem.hoehr-grenzhausen.de <\/a><\/p>\n<p>Noch k\u00f6nnen sich weitere Einzelh\u00e4ndler zur Teilnahme anmelden um beim Start rechtzeitig dabei zu sein. Die notwendigen Kontaktinformationen gibt es ebenfalls auf der Internetseite der Verbandsgemeinde H\u00f6hr-Grenzhausen, siehe oben, dort sind schon jetzt alle teilnehmenden Betriebe und Einzelh\u00e4ndler aufgef\u00fchrt.<\/p>\n<p style=\"text-align: left;\"><a href=\"https:\/\/www.becker-thilo.de\/wp-content\/uploads\/2013\/07\/gutschein.png\"><img loading=\"lazy\" decoding=\"async\" data-attachment-id=\"2099\" data-permalink=\"https:\/\/www.becker-thilo.de\/?attachment_id=2099\" data-orig-file=\"https:\/\/www.becker-thilo.de\/wp-content\/uploads\/2013\/07\/gutschein.png\" data-orig-size=\"530,236\" data-comments-opened=\"1\" data-image-meta=\"{&quot;aperture&quot;:&quot;0&quot;,&quot;credit&quot;:&quot;&quot;,&quot;camera&quot;:&quot;&quot;,&quot;caption&quot;:&quot;&quot;,&quot;created_timestamp&quot;:&quot;0&quot;,&quot;copyright&quot;:&quot;&quot;,&quot;focal_length&quot;:&quot;0&quot;,&quot;iso&quot;:&quot;0&quot;,&quot;shutter_speed&quot;:&quot;0&quot;,&quot;title&quot;:&quot;&quot;}\" data-image-title=\"gutschein\" data-image-description=\"\" data-image-caption=\"\" data-medium-file=\"https:\/\/www.becker-thilo.de\/wp-content\/uploads\/2013\/07\/gutschein-300x133.png\" data-large-file=\"https:\/\/www.becker-thilo.de\/wp-content\/uploads\/2013\/07\/gutschein.png\" class=\"aligncenter size-full wp-image-2099\" alt=\"gutschein\" src=\"https:\/\/www.becker-thilo.de\/wp-content\/uploads\/2013\/07\/gutschein.png\" width=\"530\" height=\"236\" srcset=\"https:\/\/www.becker-thilo.de\/wp-content\/uploads\/2013\/07\/gutschein.png 530w, https:\/\/www.becker-thilo.de\/wp-content\/uploads\/2013\/07\/gutschein-300x133.png 300w\" sizes=\"auto, (max-width: 530px) 100vw, 530px\" \/><\/a><\/p>\n","protected":false},"excerpt":{"rendered":"<p>Ab 02. September 2013 k\u00f6nnen bei allen Banken und Sparkassen in der Verbandsgemeinde Geschenkgutscheine erworben werden, die dann bei teilnehmenden Einzelh\u00e4ndlern und Betrieben&hellip;<\/p>\n","protected":false},"author":3,"featured_media":0,"comment_status":"open","ping_status":"closed","sticky":false,"template":"","format":"standard","meta":{"spay_email":"","footnotes":"","jetpack_publicize_message":"","jetpack_is_tweetstorm":false},"categories":[24],"tags":[10,19],"class_list":["post-2096","post","type-post","status-publish","format-standard","hentry","category-im-amt","tag-verbandsgemeinde","tag-wirtschaftsforderung"],"jetpack_featured_media_url":"","jetpack_publicize_connections":[],"_links":{"self":[{"href":"https:\/\/www.becker-thilo.de\/index.php?rest_route=\/wp\/v2\/posts\/2096","targetHints":{"allow":["GET"]}}],"collection":[{"href":"https:\/\/www.becker-thilo.de\/index.php?rest_route=\/wp\/v2\/posts"}],"about":[{"href":"https:\/\/www.becker-thilo.de\/index.php?rest_route=\/wp\/v2\/types\/post"}],"author":[{"embeddable":true,"href":"https:\/\/www.becker-thilo.de\/index.php?rest_route=\/wp\/v2\/users\/3"}],"replies":[{"embeddable":true,"href":"https:\/\/www.becker-thilo.de\/index.php?rest_route=%2Fwp%2Fv2%2Fcomments&post=2096"}],"version-history":[{"count":0,"href":"https:\/\/www.becker-thilo.de\/index.php?rest_route=\/wp\/v2\/posts\/2096\/revisions"}],"wp:attachment":[{"href":"https:\/\/www.becker-thilo.de\/index.php?rest_route=%2Fwp%2Fv2%2Fmedia&parent=2096"}],"wp:term":[{"taxonomy":"category","embeddable":true,"href":"https:\/\/www.becker-thilo.de\/index.php?rest_route=%2Fwp%2Fv2%2Fcategories&post=2096"},{"taxonomy":"post_tag","embeddable":true,"href":"https:\/\/www.becker-thilo.de\/index.php?rest_route=%2Fwp%2Fv2%2Ftags&post=2096"}],"curies":[{"name":"wp","href":"https:\/\/api.w.org\/{rel}","templated":true}]}}