{"id":2052,"date":"2013-06-01T15:16:13","date_gmt":"2013-06-01T13:16:13","guid":{"rendered":"http:\/\/www.becker-thilo.de\/?p=2052"},"modified":"2013-06-01T15:16:13","modified_gmt":"2013-06-01T13:16:13","slug":"solidarpakt-fur-montabaurer-hohe-unterschrieben","status":"publish","type":"post","link":"https:\/\/www.becker-thilo.de\/?p=2052","title":{"rendered":"Solidarpakt f\u00fcr Montabaurer H\u00f6he unterschrieben"},"content":{"rendered":"<p style=\"text-align: left;\">Nach der Zustimmung im <a href=\"https:\/\/www.becker-thilo.de\/?p=1992\">Stadt H\u00f6hr-Grenzhausen<\/a> und dem <a href=\"https:\/\/www.becker-thilo.de\/?p=2022\">Ortsgemeinderat Hillscheid<\/a> wurde nun in Montabaur der eigentliche Vertragstext des Solidarpaktes &#8220;Gemeinsam f\u00fcr eine geordnete Entwicklung der Montabaurer H\u00f6he&#8221; durch 23 Stadt- und Ortsb\u00fcrgermeister unterzeichnet. Doch gleich vorweg, ob es \u00fcberhaupt zu Windenergieanlagen (WEA) auf der Montabaurer H\u00f6he kommt steht derzeit nicht fest.<\/p>\n<p style=\"text-align: left;\">Ziel des Solidarpaktes und der gemeinsamen Planung durch die Verbandsgemeinden H\u00f6hr-Grenzhausen, Montabaur und Wirges ist die Vermeidung eines Wildwuchses und derVerspargelung der Landschaft. Der eingeschlagene Weg<br \/>\n&#8211; gemeinsame Vorbereitung<br \/>\n&#8211; gemeinsame Planung und Beauftragung eines gemeinsamen Gutachtens zur Standortuntersuchung<br \/>\n&#8211; gemeinsamer Abschluss des Solidarpaktes<br \/>\nhat sich bis jetzt als richtiger Weg erwiesen. Interkommunale Zusammenarbeit als gutes Beispiel.<\/p>\n<figure id=\"attachment_2054\" aria-describedby=\"caption-attachment-2054\" style=\"width: 550px\" class=\"wp-caption aligncenter\"><a href=\"https:\/\/www.becker-thilo.de\/wp-content\/uploads\/2013\/06\/GemSoliMT.jpg\"><img loading=\"lazy\" decoding=\"async\" data-attachment-id=\"2054\" data-permalink=\"https:\/\/www.becker-thilo.de\/?attachment_id=2054\" data-orig-file=\"https:\/\/www.becker-thilo.de\/wp-content\/uploads\/2013\/06\/GemSoliMT.jpg\" data-orig-size=\"550,550\" data-comments-opened=\"1\" data-image-meta=\"{&quot;aperture&quot;:&quot;0&quot;,&quot;credit&quot;:&quot;&quot;,&quot;camera&quot;:&quot;&quot;,&quot;caption&quot;:&quot;&quot;,&quot;created_timestamp&quot;:&quot;0&quot;,&quot;copyright&quot;:&quot;&quot;,&quot;focal_length&quot;:&quot;0&quot;,&quot;iso&quot;:&quot;0&quot;,&quot;shutter_speed&quot;:&quot;0&quot;,&quot;title&quot;:&quot;&quot;}\" data-image-title=\"GemSoliMT\" data-image-description=\"\" data-image-caption=\"&lt;p&gt;Die Gemeinden des Solidarpaktes&lt;\/p&gt;\n\" data-medium-file=\"https:\/\/www.becker-thilo.de\/wp-content\/uploads\/2013\/06\/GemSoliMT-300x300.jpg\" data-large-file=\"https:\/\/www.becker-thilo.de\/wp-content\/uploads\/2013\/06\/GemSoliMT.jpg\" class=\"size-full wp-image-2054\" title=\"GemSoliMT\" src=\"https:\/\/www.becker-thilo.de\/wp-content\/uploads\/2013\/06\/GemSoliMT.jpg\" alt=\"\" width=\"550\" height=\"550\" srcset=\"https:\/\/www.becker-thilo.de\/wp-content\/uploads\/2013\/06\/GemSoliMT.jpg 550w, https:\/\/www.becker-thilo.de\/wp-content\/uploads\/2013\/06\/GemSoliMT-150x150.jpg 150w, https:\/\/www.becker-thilo.de\/wp-content\/uploads\/2013\/06\/GemSoliMT-300x300.jpg 300w\" sizes=\"auto, (max-width: 550px) 100vw, 550px\" \/><\/a><figcaption id=\"caption-attachment-2054\" class=\"wp-caption-text\">Die Gemeinden des Solidarpaktes<\/figcaption><\/figure>\n<p style=\"text-align: left;\"><!--more-->Die Zusammenarbeit war und ist aus meiner Sicht absolut notwendig. Die <a href=\"http:\/\/www.mwkel.rlp.de\/Landesplanung\/Programme-und-Verfahren\/Landesentwicklungs-programm-LEP-IV\/Teilfortschreibung-LEP-IV-Kap-5-2-1-Erneuerbare-Energien\/\" target=\"_blank\">\u00c4nderungen im Landesentwicklungsprogramm<\/a> IV (<a href=\"http:\/\/www.mwkel.rlp.de\/Landesplanung\/Programme-und-Verfahren\/Landesentwicklungs-programm-LEP-IV\/\" target=\"_blank\">LEP IV<\/a>) haben den Weg freigemacht f\u00fcr Windenergieanlagen im Wald. Bisher war eine Errichtung der Windm\u00fchlen auf der Montabaurer H\u00f6he aufgrund der Lage im Naturpark Nassau und dem festgelegten regionalen Gr\u00fcnzug im regionalen Raumordnungsplan grunds\u00e4tzlich nicht m\u00f6glich. Ohne zuk\u00fcnftige gemeinsame Planung w\u00e4re und ist dem Wildwuchs grunds\u00e4tzlich kein Riegel vorgeschoben.<\/p>\n<p style=\"text-align: left;\">Die beauftragte Standortuntersuchung wird in den n\u00e4chsten Wochen abgeschlossen und dann wird sich herausstellen, ob\u00a0 und wenn, wo es WEA auf der Montabaurer H\u00f6he gibt. Einig sind sich alle am Verfahren Beteiligte, dass eine gemeinsame Verantwortung f\u00fcr die Entwicklung des markanten H\u00f6henzuges besteht. Der Solidarpakt ist auch ein Zeichen daf\u00fcr, dass es keine Alleing\u00e4nge geben soll.<\/p>\n<p style=\"text-align: left;\">Ich pers\u00f6nlich bin gespannt, ob es \u00fcberhaupt Standorte f\u00fcr die Montabaurer H\u00f6he gibt. Vermutlich wird eine ganze Reihe an objektiven Gr\u00fcnden (Mindestabst\u00e4nde zu Richtfunkstrecken oder dem Limes, Wasserschutzgebiete, artenschutzrechtliche Belange, Flora und Fauna) geben, die einer Ausweisung von entsprechenden Fl\u00e4chen entgegenstehen. Subjektiv wird auch das Empfinden des Landschaftsbildes eine gro\u00dfe emotionale Rolle spielen. Im Planungsprozess muss dies alles gegeneinander abgew\u00e4gt werden. Hierf\u00fcr w\u00fcnsche ich mir weiterhin die besonnene und sachliche Auseinandersetzung der letzten Monate. Den Verbandsgemeinden obliegt hierbei die entsprechende Fl\u00e4chennutzungsplanung. Ob m\u00f6gliche Fl\u00e4chen dann wirklich zur Nutzung f\u00fcr die Windr\u00e4der freigegeben werden m\u00fcssen die Ortsgemeinden als Grundst\u00fcckseigent\u00fcmer entscheiden.<\/p>\n<figure id=\"attachment_2053\" aria-describedby=\"caption-attachment-2053\" style=\"width: 550px\" class=\"wp-caption aligncenter\"><a href=\"https:\/\/www.becker-thilo.de\/wp-content\/uploads\/2013\/06\/UntSoliMT.jpg\"><img loading=\"lazy\" decoding=\"async\" data-attachment-id=\"2053\" data-permalink=\"https:\/\/www.becker-thilo.de\/?attachment_id=2053\" data-orig-file=\"https:\/\/www.becker-thilo.de\/wp-content\/uploads\/2013\/06\/UntSoliMT.jpg\" data-orig-size=\"550,550\" data-comments-opened=\"1\" data-image-meta=\"{&quot;aperture&quot;:&quot;0&quot;,&quot;credit&quot;:&quot;&quot;,&quot;camera&quot;:&quot;&quot;,&quot;caption&quot;:&quot;&quot;,&quot;created_timestamp&quot;:&quot;0&quot;,&quot;copyright&quot;:&quot;&quot;,&quot;focal_length&quot;:&quot;0&quot;,&quot;iso&quot;:&quot;0&quot;,&quot;shutter_speed&quot;:&quot;0&quot;,&quot;title&quot;:&quot;&quot;}\" data-image-title=\"UntSoliMT\" data-image-description=\"\" data-image-caption=\"&lt;p&gt;Der Solidarpakt tr\u00e4gt ua. die Unterschriften von Artur Breiden und Michael Thiesen&lt;\/p&gt;\n\" data-medium-file=\"https:\/\/www.becker-thilo.de\/wp-content\/uploads\/2013\/06\/UntSoliMT-300x300.jpg\" data-large-file=\"https:\/\/www.becker-thilo.de\/wp-content\/uploads\/2013\/06\/UntSoliMT.jpg\" class=\"size-full wp-image-2053\" title=\"UntSoliMT\" src=\"https:\/\/www.becker-thilo.de\/wp-content\/uploads\/2013\/06\/UntSoliMT.jpg\" alt=\"\" width=\"550\" height=\"550\" srcset=\"https:\/\/www.becker-thilo.de\/wp-content\/uploads\/2013\/06\/UntSoliMT.jpg 550w, https:\/\/www.becker-thilo.de\/wp-content\/uploads\/2013\/06\/UntSoliMT-150x150.jpg 150w, https:\/\/www.becker-thilo.de\/wp-content\/uploads\/2013\/06\/UntSoliMT-300x300.jpg 300w\" sizes=\"auto, (max-width: 550px) 100vw, 550px\" \/><\/a><figcaption id=\"caption-attachment-2053\" class=\"wp-caption-text\">Der Solidarpakt tr\u00e4gt ua. die Unterschriften von Artur Breiden und Michael Thiesen<\/figcaption><\/figure>\n<p style=\"text-align: left;\">Bei den vielen Planungen die derzeit im Land Rheinland-Pfalz zur Energiewende erfolgen, wird es vermutlich auf einige Windr\u00e4der auf der Montabaurer H\u00f6he nicht ankommen.<\/p>\n<p style=\"text-align: left;\"><br style=\"text-align: left;\" \/><\/p>\n","protected":false},"excerpt":{"rendered":"<p>Nach der Zustimmung im Stadt H\u00f6hr-Grenzhausen und dem Ortsgemeinderat Hillscheid wurde nun in Montabaur der eigentliche Vertragstext des Solidarpaktes &#8220;Gemeinsam f\u00fcr eine geordnete&hellip;<\/p>\n","protected":false},"author":3,"featured_media":0,"comment_status":"open","ping_status":"closed","sticky":false,"template":"","format":"standard","meta":{"spay_email":"","footnotes":"","jetpack_publicize_message":"","jetpack_is_tweetstorm":false},"categories":[24],"tags":[43,47,40,10,48],"class_list":["post-2052","post","type-post","status-publish","format-standard","hentry","category-im-amt","tag-bauleitplanung","tag-energie","tag-umwelt","tag-verbandsgemeinde","tag-zusammenarbeit"],"jetpack_featured_media_url":"","jetpack_publicize_connections":[],"_links":{"self":[{"href":"https:\/\/www.becker-thilo.de\/index.php?rest_route=\/wp\/v2\/posts\/2052","targetHints":{"allow":["GET"]}}],"collection":[{"href":"https:\/\/www.becker-thilo.de\/index.php?rest_route=\/wp\/v2\/posts"}],"about":[{"href":"https:\/\/www.becker-thilo.de\/index.php?rest_route=\/wp\/v2\/types\/post"}],"author":[{"embeddable":true,"href":"https:\/\/www.becker-thilo.de\/index.php?rest_route=\/wp\/v2\/users\/3"}],"replies":[{"embeddable":true,"href":"https:\/\/www.becker-thilo.de\/index.php?rest_route=%2Fwp%2Fv2%2Fcomments&post=2052"}],"version-history":[{"count":0,"href":"https:\/\/www.becker-thilo.de\/index.php?rest_route=\/wp\/v2\/posts\/2052\/revisions"}],"wp:attachment":[{"href":"https:\/\/www.becker-thilo.de\/index.php?rest_route=%2Fwp%2Fv2%2Fmedia&parent=2052"}],"wp:term":[{"taxonomy":"category","embeddable":true,"href":"https:\/\/www.becker-thilo.de\/index.php?rest_route=%2Fwp%2Fv2%2Fcategories&post=2052"},{"taxonomy":"post_tag","embeddable":true,"href":"https:\/\/www.becker-thilo.de\/index.php?rest_route=%2Fwp%2Fv2%2Ftags&post=2052"}],"curies":[{"name":"wp","href":"https:\/\/api.w.org\/{rel}","templated":true}]}}