{"id":1748,"date":"2012-08-23T18:21:15","date_gmt":"2012-08-23T16:21:15","guid":{"rendered":"http:\/\/www.becker-thilo.de\/?p=1748"},"modified":"2012-08-23T18:21:15","modified_gmt":"2012-08-23T16:21:15","slug":"erster-burgerentscheid-in-der-verbandsgemeinde-hohr-grenzhausen","status":"publish","type":"post","link":"https:\/\/www.becker-thilo.de\/?p=1748","title":{"rendered":"Erster B\u00fcrgerentscheid in der Verbandsgemeinde H\u00f6hr-Grenzhausen"},"content":{"rendered":"<p style=\"text-align: left;\">In der Ortsgemeinde Hillscheid wird der erste B\u00fcrgerentscheid in der Verbandsgemeinde H\u00f6hr-Grenzhausen durchgef\u00fchrt. Die B\u00fcrger haben am 09.09.2012 die Frage zur \u201eUmfeldgestaltung Kirmesplatz\u201c zu entscheiden. Die genaue Fragestellung lautet:<\/p>\n<p style=\"text-align: center;\">\u201eSind Sie daf\u00fcr, dass im Zuge der Ortskernsanierung das bereits begonnene und vom Land Rheinland-Pfalz gef\u00f6rderte Projekt Mehrgenerationen-Wohnen mit Begegnungsm\u00f6glichkeiten im Umfeld des Kirmesplatzes (Hillscheider Modell) weiter fortgef\u00fchrt werden soll?\u201c<\/p>\n<p style=\"text-align: left;\">Die Frage ist mit \u201eJa\u201c oder \u201eNein\u201c zu beantworten. Aufgerufen sind rund 2.000 Stimmberechtige in der Gemeinde Hillscheid. Das Verfahren zum B\u00fcrgerentscheid ist im \u00a7 17a der Gemeindeordnung geregelt. Die Frage ist angenommen, wenn mindestens 20 % der Stimmberechtigten die Frage mit \u201eJa\u201c beantworten und dies die Mehrheit der abgegebenen Stimmen ist.<\/p>\n<p style=\"text-align: left;\">Heute findet hierzu eine B\u00fcrgerversammlung statt. Die CDU-Fraktion im Gemeinderat macht sich f\u00fcr den bisher eingeschlagenen Weg stark, die SPD-Fraktion ist f\u00fcr einen anderen Standort, der in der N\u00e4he des CAP-Marktes liegt.<\/p>\n<p style=\"text-align: left;\">Auf den <a href=\"http:\/\/www.hoehr-grenzhausen.de\/index.php?page=buergerentscheid-hillscheid\" target=\"_blank\">Internetseiten der Verbandsgemeinde H\u00f6hr-Grenzhausen<\/a> sind alle Informationen und \u00f6ffentlichen Bekanntmachungen zum B\u00fcrgerentscheid zusammengefasst.<\/p>\n","protected":false},"excerpt":{"rendered":"<p>In der Ortsgemeinde Hillscheid wird der erste B\u00fcrgerentscheid in der Verbandsgemeinde H\u00f6hr-Grenzhausen durchgef\u00fchrt. Die B\u00fcrger haben am 09.09.2012 die Frage zur \u201eUmfeldgestaltung Kirmesplatz\u201c&hellip;<\/p>\n","protected":false},"author":3,"featured_media":0,"comment_status":"open","ping_status":"closed","sticky":false,"template":"","format":"standard","meta":{"spay_email":"","footnotes":"","jetpack_publicize_message":"","jetpack_is_tweetstorm":false},"categories":[24],"tags":[13,42],"class_list":["post-1748","post","type-post","status-publish","format-standard","hentry","category-im-amt","tag-hillscheid","tag-senioren"],"jetpack_featured_media_url":"","jetpack_publicize_connections":[],"_links":{"self":[{"href":"https:\/\/www.becker-thilo.de\/index.php?rest_route=\/wp\/v2\/posts\/1748","targetHints":{"allow":["GET"]}}],"collection":[{"href":"https:\/\/www.becker-thilo.de\/index.php?rest_route=\/wp\/v2\/posts"}],"about":[{"href":"https:\/\/www.becker-thilo.de\/index.php?rest_route=\/wp\/v2\/types\/post"}],"author":[{"embeddable":true,"href":"https:\/\/www.becker-thilo.de\/index.php?rest_route=\/wp\/v2\/users\/3"}],"replies":[{"embeddable":true,"href":"https:\/\/www.becker-thilo.de\/index.php?rest_route=%2Fwp%2Fv2%2Fcomments&post=1748"}],"version-history":[{"count":0,"href":"https:\/\/www.becker-thilo.de\/index.php?rest_route=\/wp\/v2\/posts\/1748\/revisions"}],"wp:attachment":[{"href":"https:\/\/www.becker-thilo.de\/index.php?rest_route=%2Fwp%2Fv2%2Fmedia&parent=1748"}],"wp:term":[{"taxonomy":"category","embeddable":true,"href":"https:\/\/www.becker-thilo.de\/index.php?rest_route=%2Fwp%2Fv2%2Fcategories&post=1748"},{"taxonomy":"post_tag","embeddable":true,"href":"https:\/\/www.becker-thilo.de\/index.php?rest_route=%2Fwp%2Fv2%2Ftags&post=1748"}],"curies":[{"name":"wp","href":"https:\/\/api.w.org\/{rel}","templated":true}]}}